{"id":5486,"date":"2018-05-08T16:20:19","date_gmt":"2018-05-08T16:20:19","guid":{"rendered":"http:\/\/www.cnilcb.ro\/?p=5486"},"modified":"2018-05-08T16:28:09","modified_gmt":"2018-05-08T16:28:09","slug":"experienta-observator-cultural","status":"publish","type":"post","link":"https:\/\/www.cnilcb.ro\/?p=5486","title":{"rendered":"Experien\u021ba \u201dObservator cultural\u201d"},"content":{"rendered":"<p id=\"top\" \/>Cea de-a XII-a edi\u0163ie a Galei Premiilor \u201dObservator cultural\u201ds-a desf\u0103\u0219urat, \u0219i \u00een acest an, \u00een luna aprilie. Marele juriu, format din cunoscu\u021bi scriitori \u015fi critici literari, a premiat cinci categorii de titluri, de la critic\u0103 \u015fi istorie literar\u0103 p\u00e2n\u0103 la poezie.  Din 2016, la premiile acordate de revist\u0103 s-a al\u0103turat \u0219i Premiul \u201cObservator Lyceum\u201d, pentru sec\u021biunea \u201dProz\u0103\u201d, decis de un grup de elevi din cele mai cunoscute licee ale Capitalei. Astfel, nou\u0103 echipe de tineri pasiona\u0163i de literatur\u0103 au dezb\u0103tut la sediul redac\u0163iei \u201dObservator cultural\u201d cele \u015fase c\u0103r\u0163i de fic\u021biune nominalizate, fiecare motiv\u00e2ndu-\u015fi individual votul acordat. Preferata liceenilor \u015fi c\u00e2\u015ftig\u0103toarea premiului \u201dObservator Lyceum\u201d a fost romanul scriitoarei Tatiana \u0162\u00eebuleac, \u201cVara \u00een care mama a avut ochii verzi\u201d.<br \/>\nNum\u0103rul 191 al revistei, din 2 mai (https:\/\/www.observatorcultural.ro\/articol\/elevi-implicati-proiectul-observator-lyceum-despre-cartile-nominalizate-la-proza\/), ofer\u0103, cu generozitate, un spa\u021biu amplu comentariilor scrise de elevi \u00een care ace\u0219tia \u00ee\u0219i exprim\u0103 opiniile despre c\u0103r\u021bile nominalizate.<br \/>\nTrecu\u0163i prin experien\u0163a juriului \u201eObservator Lyceum\u201d, cei trei caragiali\u015fti implica\u0163i: Ioana Theodorescu, clasa a X-a A, Vlad Berceanu, clasa a XI-a j, Ruxandra G\u00eedei, clasa a XII-a D, \u00eemp\u0103rt\u0103\u0219esc c\u00e2teva g\u00e2nduri despre ce a \u00eensemnat pentru ei acest proiect:<\/p>\n<p><strong>Ruxandra G\u00e2dei:<\/strong> <em>Mi-a pl\u0103cut cu adev\u0103rat s\u0103 fac parte din juriul liceenilor. Am lecturat cu ochi analitici fiecare carte, preg\u0103tindu-mi argumentele, iar c\u00e2nd am fost \u00eencuraja\u0163i s\u0103 le dezbatem \u00een atmosfera redac\u0163iei, am sim\u0163it c\u0103 p\u0103rerea \u015fi experien\u0163a de lectur\u0103 a fiec\u0103ruia conteaz\u0103. \u00cen plus, mi se pare foarte important\u0103 ini\u0163iativa de promovare a scriitorilor rom\u00e2ni contemporani \u00een r\u00e2ndul liceenilor, \u00eentruc\u00e2t prea mul\u0163i tineri asociaz\u0103 literatura autohton\u0103 numai cu lecturile obligatorii. Proiectul \u201dObservator Lyceum\u201d \u00ee\u015fi propune tocmai s\u0103 \u00eei provoace pe liceeni la (auto)descoperire, s\u0103 le st\u00e2rneasc\u0103 o anumit\u0103 curiozitate, dar mai ales s\u0103 stabileasc\u0103 o leg\u0103tur\u0103 \u00eentre autorii contemporani \u015fi cititorii tineri.<br \/>\nCa iubitoare de literatur\u0103 \u015fi amatoare de cultur\u0103, Gala \u201dObservator cultural\u201d m-a impresionat prin atmosfer\u0103 \u015fi m-a bucurat enorm ocazia de a expune punctul de vedere al echipei mele pe scen\u0103, \u00een fa\u0163a at\u00e2tor personalit\u0103\u0163i literare. \u00cen continuare, a\u015ftept urm\u0103toarea \u00eent\u00e2lnire \u201dObservator Lyceum\u201d \u015fi le recomand colegilor mei curio\u015fi s\u0103 stea cu ochii pe programul Muzeului Na\u0163ional de Literatur\u0103 Rom\u00e2n\u0103, unde se vor desf\u0103\u0219ura mai multe \u00eent\u00e2lniri cu scriitorii premia\u021bi \u0219i nominaliza\u021bi la aceast\u0103 gal\u0103, \u0219i nu numai.<\/em><br \/>\n<strong>Vlad Berceanu:<\/strong> <em>Urc\u00e2nd treptele c\u0103tre grandioasa intrare a Teatrului Odeon, aveam \u00een memorie treptele ce coborau \u00een demisolul Redac\u021biei \u201dObservator cultural\u201d, pe u\u0219a c\u0103reia, dac\u0103 nu a\u0219 fi intrat, nu a\u0219 fi tr\u0103it acest miracol. Proiectul \u201dObservator Lyceum\u201d a fost o experien\u021b\u0103 deosebit\u0103, ce mi-a deschis ochii. A fost mai mult dec\u00e2t despre simpla pl\u0103cere de a citi. A fost despre oameni, despre perspectiva unic\u0103 a fiec\u0103rui elev, membru al juriului. Acest proiect tocmai asta \u00ee\u0219i propune, s\u0103 rup\u0103 circuitul \u00eenchis al lumii scriitorilor, v\u0103zu\u021bi, de cele mai multe ori, ca ni\u0219te b\u0103tr\u00e2ni cu barb\u0103 sur\u0103 \u00een v\u00e2rful unui turn de filde\u0219, \u0219i s\u0103 sparg\u0103 prisma difuz\u0103 a lecturilor \u0219colare obligatorii prin care tinerii percep, adesea, literatura.<br \/>\nA\u0219a c\u0103: Accept\u0103 necunoscutul! Intr\u0103 pe u\u0219\u0103! <\/em><br \/>\n<strong>Ioana Theodorescu:<\/strong> <em>O experien\u021b\u0103 extrem de interesant\u0103 de la \u00eenceput p\u00e2n\u0103 la final, de la momentul primirii c\u0103r\u021bilor autorilor nominaliza\u021bi pentru premiile din acest an, p\u00e2n\u0103 la decernarea lor pe scena Teatrului Odeon din Capital\u0103. Admir extrem de mult ini\u021biativa celor de la \u201dObservatorul cultural\u201d \u0219i a gazdei noastre, doamna prof. Carmen Mu\u0219at, de a da o voce tinerilor cititori.<\/em><br \/>\n<a href=\"http:\/\/www.cnilcb.ro\/wp-content\/uploads\/2018\/05\/poza1.jpg\" data-rel=\"lightbox-image-0\" data-rl_title=\"\" data-rl_caption=\"\" title=\"\"><img decoding=\"async\" src=\"http:\/\/www.cnilcb.ro\/wp-content\/uploads\/2018\/05\/poza1.jpg\" width=240 height=160><\/a> <a href=\"http:\/\/www.cnilcb.ro\/wp-content\/uploads\/2018\/05\/poza2.jpg\" data-rel=\"lightbox-image-1\" data-rl_title=\"\" data-rl_caption=\"\" title=\"\"><img decoding=\"async\" src=\"http:\/\/www.cnilcb.ro\/wp-content\/uploads\/2018\/05\/poza2.jpg\" width=240 height=160><\/a><\/p>\n","protected":false},"excerpt":{"rendered":"<p>Cea de-a XII-a edi\u0163ie a Galei Premiilor \u201dObservator cultural\u201ds-a desf\u0103\u0219urat, \u0219i \u00een acest an, \u00een luna aprilie. Marele juriu, format din cunoscu\u021bi scriitori \u015fi critici literari, a premiat cinci categorii de titluri, de la critic\u0103 \u015fi istorie literar\u0103 p\u00e2n\u0103 la poezie. Din 2016, la premiile acordate de revist\u0103 s-a al\u0103turat \u0219i Premiul \u201cObservator Lyceum\u201d, pentru [&hellip;]<\/p>\n","protected":false},"author":1,"featured_media":0,"comment_status":"closed","ping_status":"closed","sticky":false,"template":"","format":"standard","meta":{"footnotes":""},"categories":[39,28],"tags":[],"class_list":["post-5486","post","type-post","status-publish","format-standard","hentry","category-noutati","category-proiecte"],"_links":{"self":[{"href":"https:\/\/www.cnilcb.ro\/index.php?rest_route=\/wp\/v2\/posts\/5486","targetHints":{"allow":["GET"]}}],"collection":[{"href":"https:\/\/www.cnilcb.ro\/index.php?rest_route=\/wp\/v2\/posts"}],"about":[{"href":"https:\/\/www.cnilcb.ro\/index.php?rest_route=\/wp\/v2\/types\/post"}],"author":[{"embeddable":true,"href":"https:\/\/www.cnilcb.ro\/index.php?rest_route=\/wp\/v2\/users\/1"}],"replies":[{"embeddable":true,"href":"https:\/\/www.cnilcb.ro\/index.php?rest_route=%2Fwp%2Fv2%2Fcomments&post=5486"}],"version-history":[{"count":11,"href":"https:\/\/www.cnilcb.ro\/index.php?rest_route=\/wp\/v2\/posts\/5486\/revisions"}],"predecessor-version":[{"id":5499,"href":"https:\/\/www.cnilcb.ro\/index.php?rest_route=\/wp\/v2\/posts\/5486\/revisions\/5499"}],"wp:attachment":[{"href":"https:\/\/www.cnilcb.ro\/index.php?rest_route=%2Fwp%2Fv2%2Fmedia&parent=5486"}],"wp:term":[{"taxonomy":"category","embeddable":true,"href":"https:\/\/www.cnilcb.ro\/index.php?rest_route=%2Fwp%2Fv2%2Fcategories&post=5486"},{"taxonomy":"post_tag","embeddable":true,"href":"https:\/\/www.cnilcb.ro\/index.php?rest_route=%2Fwp%2Fv2%2Ftags&post=5486"}],"curies":[{"name":"wp","href":"https:\/\/api.w.org\/{rel}","templated":true}]}}